{"oggi":{"xml":{"@attributes":{"tipo":"domani","timestamp":"1777532677","emissione":"gioved\u00ec 30 aprile 2026","validita":"domani, venerd\u00ec  1 maggio 2026"},"regionale":{"testo":{"cielo":"cielo sereno o poco nuvoloso sui settori occidentali al mattino, prevalentemente sereno dal pomeriggio su tutto il territorio.","temperatura":"in diminuzione le minime con valori compresi tra 6\/8 gradi, massime in sensibile aumento comprese tra 17\/20 gradi.","vento":"prevalentemente dai quadranti orientali, con locali rinforzi nella prima parte della giornata sulla fascia appenninica.","mare":"molto mosso al mattino, con moto ondoso in attenuazione a mosso dal pomeriggio."},"mappe":{"mattina":{"M1":{"@attributes":{"descrizione":"FE-RA mare","icona":"d003","icona2":"d010","it":"mare molto mosso con tendenza ad attenuazione del moto ondoso","en":"moderate sea with a tendency to attenuation in the wave"}},"M2":{"@attributes":{"descrizione":"FC-RN mare","icona":"d003","icona2":"d010","it":"mare molto mosso con tendenza ad attenuazione del moto ondoso","en":"moderate sea with a tendency to attenuation in the wave"}},"C1":{"@attributes":{"descrizione":"PC rilievi e collina","icona":"a003","icona2":"a003","it":"sereno o poco nuvoloso","en":"partly cloudy"}},"C14":{"@attributes":{"descrizione":"PR-RE rilievi e collina","icona":"a003","icona2":"a003","it":"sereno o poco nuvoloso","en":"partly cloudy"}},"C2":{"@attributes":{"descrizione":"MO-BO rilievi e collina","icona":"a003","icona2":"a003","it":"sereno o poco nuvoloso","en":"partly cloudy"}},"C3":{"@attributes":{"descrizione":"RA rilievi","icona":"a001","icona2":"a001","it":"sereno","en":"sunny"}},"C4":{"@attributes":{"descrizione":"FC-RN rilievi","icona":"a001","icona2":"a001","it":"sereno","en":"sunny"}},"C5":{"@attributes":{"descrizione":"RN-FC costa","icona":"a001","icona2":"a001","it":"sereno","en":"sunny"}},"C6":{"@attributes":{"descrizione":"FC-RA pianura","icona":"a001","icona2":"a001","it":"sereno","en":"sunny"}},"C7":{"@attributes":{"descrizione":"RA costa","icona":"a001","icona2":"a001","it":"sereno","en":"sunny"}},"C8":{"@attributes":{"descrizione":"FE costa","icona":"a001","icona2":"a001","it":"sereno","en":"sunny"}},"C9":{"@attributes":{"descrizione":"FE pianura","icona":"a001","icona2":"a001","it":"sereno","en":"sunny"}},"C10":{"@attributes":{"descrizione":"BO pianura","icona":"a001","icona2":"a001","it":"sereno","en":"sunny"}},"C11":{"@attributes":{"descrizione":"MO-RE pianura","icona":"a003","icona2":"a003","it":"sereno o poco nuvoloso","en":"partly cloudy"}},"C12":{"@attributes":{"descrizione":"PR pianura","icona":"a003","icona2":"a003","it":"sereno o poco nuvoloso","en":"partly cloudy"}},"C13":{"@attributes":{"descrizione":"PC pianura","icona":"a003","icona2":"a003","it":"sereno o poco nuvoloso","en":"partly cloudy"}}},"pomeriggio":{"M1":{"@attributes":{"descrizione":"FE-RA mare","icona":"d002","icona2":"d011","it":"mare mosso con tendenza ad attenuazione del moto ondoso","en":"slight sea with a tendency to attenuation in the wave"}},"M2":{"@attributes":{"descrizione":"FC-RN mare","icona":"d002","icona2":"d011","it":"mare mosso con tendenza ad attenuazione del moto ondoso","en":"slight sea with a tendency to attenuation in the wave"}},"C1":{"@attributes":{"descrizione":"PC rilievi e collina","icona":"a001","icona2":"a001","it":"sereno","en":"sunny"}},"C14":{"@attributes":{"descrizione":"PR-RE rilievi e collina","icona":"a001","icona2":"a001","it":"sereno","en":"sunny"}},"C2":{"@attributes":{"descrizione":"MO-BO rilievi e collina","icona":"a001","icona2":"a001","it":"sereno","en":"sunny"}},"C3":{"@attributes":{"descrizione":"RA rilievi","icona":"a001","icona2":"a001","it":"sereno","en":"sunny"}},"C4":{"@attributes":{"descrizione":"FC-RN rilievi","icona":"a001","icona2":"a001","it":"sereno","en":"sunny"}},"C5":{"@attributes":{"descrizione":"RN-FC costa","icona":"a001","icona2":"a001","it":"sereno","en":"sunny"}},"C6":{"@attributes":{"descrizione":"FC-RA pianura","icona":"a001","icona2":"a001","it":"sereno","en":"sunny"}},"C7":{"@attributes":{"descrizione":"RA costa","icona":"a001","icona2":"a001","it":"sereno","en":"sunny"}},"C8":{"@attributes":{"descrizione":"FE costa","icona":"a001","icona2":"a001","it":"sereno","en":"sunny"}},"C9":{"@attributes":{"descrizione":"FE pianura","icona":"a001","icona2":"a001","it":"sereno","en":"sunny"}},"C10":{"@attributes":{"descrizione":"BO pianura","icona":"a001","icona2":"a001","it":"sereno","en":"sunny"}},"C11":{"@attributes":{"descrizione":"MO-RE pianura","icona":"a001","icona2":"a001","it":"sereno","en":"sunny"}},"C12":{"@attributes":{"descrizione":"PR pianura","icona":"a001","icona2":"a001","it":"sereno","en":"sunny"}},"C13":{"@attributes":{"descrizione":"PC pianura","icona":"a001","icona2":"a001","it":"sereno","en":"sunny"}}},"sera_notte":{"M1":{"@attributes":{"descrizione":"FE-RA mare","icona":"d002","icona2":"d002","it":"mare poco mosso","en":"smooth sea"}},"M2":{"@attributes":{"descrizione":"FC-RN mare","icona":"d002","icona2":"d002","it":"mare poco mosso","en":"smooth sea"}},"C1":{"@attributes":{"descrizione":"PC rilievi e collina","icona":"b001","icona2":"b001","it":"sereno","en":"clear sky"}},"C14":{"@attributes":{"descrizione":"PR-RE rilievi e collina","icona":"b001","icona2":"b001","it":"sereno","en":"clear sky"}},"C2":{"@attributes":{"descrizione":"MO-BO rilievi e collina","icona":"b001","icona2":"b001","it":"sereno","en":"clear sky"}},"C3":{"@attributes":{"descrizione":"RA rilievi","icona":"b001","icona2":"b001","it":"sereno","en":"clear sky"}},"C4":{"@attributes":{"descrizione":"FC-RN rilievi","icona":"b001","icona2":"b001","it":"sereno","en":"clear sky"}},"C5":{"@attributes":{"descrizione":"RN-FC costa","icona":"b001","icona2":"b001","it":"sereno","en":"clear sky"}},"C6":{"@attributes":{"descrizione":"FC-RA pianura","icona":"b001","icona2":"b001","it":"sereno","en":"clear sky"}},"C7":{"@attributes":{"descrizione":"RA costa","icona":"b001","icona2":"b001","it":"sereno","en":"clear sky"}},"C8":{"@attributes":{"descrizione":"FE costa","icona":"b001","icona2":"b001","it":"sereno","en":"clear sky"}},"C9":{"@attributes":{"descrizione":"FE pianura","icona":"b001","icona2":"b001","it":"sereno","en":"clear sky"}},"C10":{"@attributes":{"descrizione":"BO pianura","icona":"b001","icona2":"b001","it":"sereno","en":"clear sky"}},"C11":{"@attributes":{"descrizione":"MO-RE pianura","icona":"b001","icona2":"b001","it":"sereno","en":"clear sky"}},"C12":{"@attributes":{"descrizione":"PR pianura","icona":"b001","icona2":"b001","it":"sereno","en":"clear sky"}},"C13":{"@attributes":{"descrizione":"PC pianura","icona":"b001","icona2":"b001","it":"sereno","en":"clear sky"}}}}},"dati":{"temperatura_minima":{"t13":{"@attributes":{"descrizione":"PC pianura ","dato":"8"}},"t12":{"@attributes":{"descrizione":"PR pianura","dato":"6"}},"t15":{"@attributes":{"descrizione":"RE pianura","dato":"6"}},"t11":{"@attributes":{"descrizione":"MO pianura","dato":"6"}},"t10":{"@attributes":{"descrizione":"BO pianura","dato":"7"}},"t9":{"@attributes":{"descrizione":"FE pianura","dato":"7"}},"t8":{"@attributes":{"descrizione":"FE costa","dato":"8"}},"t6":{"@attributes":{"descrizione":"FC-RA pianura","dato":"6"}},"t7":{"@attributes":{"descrizione":"RA costa","dato":"7"}},"t5":{"@attributes":{"descrizione":"RN-FC costa","dato":"11"}},"t1":{"@attributes":{"descrizione":"PC rilievi e collina","dato":"4"}},"t14":{"@attributes":{"descrizione":"PR-RE rilievi e collina","dato":"5"}},"t2":{"@attributes":{"descrizione":"MO-BO rilievi e collina","dato":"4"}},"t3":{"@attributes":{"descrizione":"RA rilievi","dato":"6"}},"t4":{"@attributes":{"descrizione":"FC-RN rilievi","dato":"3"}}},"temperatura_massima":{"T13":{"@attributes":{"descrizione":"PC pianura ","dato":"20"}},"T12":{"@attributes":{"descrizione":"PR pianura","dato":"20"}},"T15":{"@attributes":{"descrizione":"RE pianura","dato":"20"}},"T11":{"@attributes":{"descrizione":"MO pianura","dato":"20"}},"T10":{"@attributes":{"descrizione":"BO pianura","dato":"20"}},"T9":{"@attributes":{"descrizione":"FE pianura","dato":"20"}},"T8":{"@attributes":{"descrizione":"FE costa","dato":"18"}},"T6":{"@attributes":{"descrizione":"FC-RA pianura","dato":"18"}},"T7":{"@attributes":{"descrizione":"RA costa","dato":"18"}},"T5":{"@attributes":{"descrizione":"RN-FC costa","dato":"17"}},"T1":{"@attributes":{"descrizione":"PC rilievi e collina","dato":"13"}},"T14":{"@attributes":{"descrizione":"PR-RE rilievi e collina","dato":"14"}},"T2":{"@attributes":{"descrizione":"MO-BO rilievi e collina","dato":"16"}},"T3":{"@attributes":{"descrizione":"RA rilievi","dato":"16"}},"T4":{"@attributes":{"descrizione":"FC-RN rilievi","dato":"12"}}},"precipitazioni":{"P13":{"@attributes":{"descrizione":"PC pianura ","dato":"0"}},"P12":{"@attributes":{"descrizione":"PR pianura","dato":"0"}},"P15":{"@attributes":{"descrizione":"RE pianura","dato":"0"}},"P11":{"@attributes":{"descrizione":"MO pianura","dato":"0"}},"P10":{"@attributes":{"descrizione":"BO pianura","dato":"0"}},"P9":{"@attributes":{"descrizione":"FE pianura","dato":"0"}},"P8":{"@attributes":{"descrizione":"FE costa","dato":"0"}},"P6":{"@attributes":{"descrizione":"FC-RA pianura","dato":"0"}},"P7":{"@attributes":{"descrizione":"RA costa","dato":"0"}},"P5":{"@attributes":{"descrizione":"RN-FC costa","dato":"0"}},"P1":{"@attributes":{"descrizione":"PC rilievi e collina","dato":"0"}},"P14":{"@attributes":{"descrizione":"PR-RE rilievi e collina","dato":"0"}},"P2":{"@attributes":{"descrizione":"MO-BO rilievi e collina","dato":"0"}},"P3":{"@attributes":{"descrizione":"RA rilievi","dato":"0"}},"P4":{"@attributes":{"descrizione":"FC-RN rilievi","dato":"0"}}},"vento_massimo":{"V13":{"@attributes":{"descrizione":"PC pianura ","dato":"28"}},"V12":{"@attributes":{"descrizione":"PR pianura","dato":"26"}},"V15":{"@attributes":{"descrizione":"RE pianura","dato":"29"}},"V11":{"@attributes":{"descrizione":"MO pianura","dato":"32"}},"V10":{"@attributes":{"descrizione":"BO pianura","dato":"32"}},"V9":{"@attributes":{"descrizione":"FE pianura","dato":"36"}},"V8":{"@attributes":{"descrizione":"FE costa","dato":"28"}},"V6":{"@attributes":{"descrizione":"FC-RA pianura","dato":"40"}},"V7":{"@attributes":{"descrizione":"RA costa","dato":"35"}},"V5":{"@attributes":{"descrizione":"RN-FC costa","dato":"49"}},"V1":{"@attributes":{"descrizione":"PC rilievi e collina","dato":"32"}},"V14":{"@attributes":{"descrizione":"PR-RE rilievi e collina","dato":"51"}},"V2":{"@attributes":{"descrizione":"MO-BO rilievi e collina","dato":"32"}},"V3":{"@attributes":{"descrizione":"RA rilievi","dato":"40"}},"V4":{"@attributes":{"descrizione":"FC-RN rilievi","dato":"58"}}}},"provinciale":{"PC":{"@attributes":{"descrizione":"provincia di Piacenza"},"mattina":{"P":{"@attributes":{"descrizione":"pianura e capoluogo","icona":"a003","icona2":"a003","it":"sereno o poco nuvoloso","en":"partly cloudy"}},"C":{"@attributes":{"descrizione":"collina","icona":"a003","icona2":"a003","it":"sereno o poco nuvoloso","en":"partly cloudy"}},"R":{"@attributes":{"descrizione":"rilievi","icona":"a003","icona2":"a003","it":"sereno o poco nuvoloso","en":"partly cloudy"}}},"pomeriggio":{"P":{"@attributes":{"descrizione":"pianura e capoluogo","icona":"a001","icona2":"a001","it":"sereno","en":"sunny"}},"C":{"@attributes":{"descrizione":"collina","icona":"a001","icona2":"a001","it":"sereno","en":"sunny"}},"R":{"@attributes":{"descrizione":"rilievi","icona":"a001","icona2":"a001","it":"sereno","en":"sunny"}}},"sera_notte":{"P":{"@attributes":{"descrizione":"pianura e capoluogo","icona":"b001","icona2":"b001","it":"sereno","en":"clear sky"}},"C":{"@attributes":{"descrizione":"collina","icona":"b001","icona2":"b001","it":"sereno","en":"clear sky"}},"R":{"@attributes":{"descrizione":"rilievi","icona":"b001","icona2":"b001","it":"sereno","en":"clear sky"}}},"testo_previsione":"<p>Sereno o poco nuvoloso; dal <b>pomeriggio<\/b> sereno.<\/p><p>Temperature massime pomeridiane comprese tra 13&deg; sui rilievi e 20&deg; in pianura.<\/p><p>Velocit&agrave; massima del vento compresa tra 28 (in pianura) e 32 km\/h (sui rilievi).<\/p>"},"PR":{"@attributes":{"descrizione":"provincia di Parma"},"mattina":{"P":{"@attributes":{"descrizione":"pianura e capoluogo","icona":"a003","icona2":"a003","it":"sereno o poco nuvoloso","en":"partly cloudy"}},"C":{"@attributes":{"descrizione":"collina","icona":"a003","icona2":"a003","it":"sereno o poco nuvoloso","en":"partly cloudy"}},"R":{"@attributes":{"descrizione":"rilievi","icona":"a003","icona2":"a003","it":"sereno o poco nuvoloso","en":"partly cloudy"}}},"pomeriggio":{"P":{"@attributes":{"descrizione":"pianura e capoluogo","icona":"a001","icona2":"a001","it":"sereno","en":"sunny"}},"C":{"@attributes":{"descrizione":"collina","icona":"a001","icona2":"a001","it":"sereno","en":"sunny"}},"R":{"@attributes":{"descrizione":"rilievi","icona":"a001","icona2":"a001","it":"sereno","en":"sunny"}}},"sera_notte":{"P":{"@attributes":{"descrizione":"pianura e capoluogo","icona":"b001","icona2":"b001","it":"sereno","en":"clear sky"}},"C":{"@attributes":{"descrizione":"collina","icona":"b001","icona2":"b001","it":"sereno","en":"clear sky"}},"R":{"@attributes":{"descrizione":"rilievi","icona":"b001","icona2":"b001","it":"sereno","en":"clear sky"}}},"testo_previsione":"<p>Sereno o poco nuvoloso; dal <b>pomeriggio<\/b> sereno.<\/p><p>Temperature massime pomeridiane comprese tra 14&deg; sui rilievi e 20&deg; in pianura.<\/p><p>Velocit&agrave; massima del vento compresa tra 26 (in pianura) e 51 km\/h (sui rilievi).<\/p>"},"RE":{"@attributes":{"descrizione":"provincia di Reggio-Emilia"},"mattina":{"P":{"@attributes":{"descrizione":"pianura e capoluogo","icona":"a003","icona2":"a003","it":"sereno o poco nuvoloso","en":"partly cloudy"}},"C":{"@attributes":{"descrizione":"collina","icona":"a003","icona2":"a003","it":"sereno o poco nuvoloso","en":"partly cloudy"}},"R":{"@attributes":{"descrizione":"rilievi","icona":"a003","icona2":"a003","it":"sereno o poco nuvoloso","en":"partly cloudy"}}},"pomeriggio":{"P":{"@attributes":{"descrizione":"pianura e capoluogo","icona":"a001","icona2":"a001","it":"sereno","en":"sunny"}},"C":{"@attributes":{"descrizione":"collina","icona":"a001","icona2":"a001","it":"sereno","en":"sunny"}},"R":{"@attributes":{"descrizione":"rilievi","icona":"a001","icona2":"a001","it":"sereno","en":"sunny"}}},"sera_notte":{"P":{"@attributes":{"descrizione":"pianura e capoluogo","icona":"b001","icona2":"b001","it":"sereno","en":"clear sky"}},"C":{"@attributes":{"descrizione":"collina","icona":"b001","icona2":"b001","it":"sereno","en":"clear sky"}},"R":{"@attributes":{"descrizione":"rilievi","icona":"b001","icona2":"b001","it":"sereno","en":"clear sky"}}},"testo_previsione":"<p>Sereno o poco nuvoloso; dal <b>pomeriggio<\/b> sereno.<\/p><p>Temperature massime pomeridiane comprese tra 14&deg; sui rilievi e 20&deg; in pianura.<\/p><p>Velocit&agrave; massima del vento compresa tra 29 (in pianura) e 51 km\/h (sui rilievi).<\/p>"},"MO":{"@attributes":{"descrizione":"provincia di Modena"},"mattina":{"P":{"@attributes":{"descrizione":"pianura e capoluogo","icona":"a003","icona2":"a003","it":"sereno o poco nuvoloso","en":"partly cloudy"}},"C":{"@attributes":{"descrizione":"collina","icona":"a003","icona2":"a003","it":"sereno o poco nuvoloso","en":"partly cloudy"}},"R":{"@attributes":{"descrizione":"rilievi","icona":"a003","icona2":"a003","it":"sereno o poco nuvoloso","en":"partly cloudy"}}},"pomeriggio":{"P":{"@attributes":{"descrizione":"pianura e capoluogo","icona":"a001","icona2":"a001","it":"sereno","en":"sunny"}},"C":{"@attributes":{"descrizione":"collina","icona":"a001","icona2":"a001","it":"sereno","en":"sunny"}},"R":{"@attributes":{"descrizione":"rilievi","icona":"a001","icona2":"a001","it":"sereno","en":"sunny"}}},"sera_notte":{"P":{"@attributes":{"descrizione":"pianura e capoluogo","icona":"b001","icona2":"b001","it":"sereno","en":"clear sky"}},"C":{"@attributes":{"descrizione":"collina","icona":"b001","icona2":"b001","it":"sereno","en":"clear sky"}},"R":{"@attributes":{"descrizione":"rilievi","icona":"b001","icona2":"b001","it":"sereno","en":"clear sky"}}},"testo_previsione":"<p>Sereno o poco nuvoloso; dal <b>pomeriggio<\/b> sereno.<\/p><p>Temperature massime pomeridiane comprese tra 16&deg; sui rilievi e 20&deg; in pianura.<\/p><p>Velocit&agrave; massima del vento stimata in 32 km\/h.<\/p>"},"BO":{"@attributes":{"descrizione":"provincia di Bologna"},"mattina":{"P":{"@attributes":{"descrizione":"pianura e capoluogo","icona":"a001","icona2":"a001","it":"sereno","en":"sunny"}},"C":{"@attributes":{"descrizione":"collina","icona":"a003","icona2":"a003","it":"sereno o poco nuvoloso","en":"partly cloudy"}},"R":{"@attributes":{"descrizione":"rilievi","icona":"a003","icona2":"a003","it":"sereno o poco nuvoloso","en":"partly cloudy"}}},"pomeriggio":{"P":{"@attributes":{"descrizione":"pianura e capoluogo","icona":"a001","icona2":"a001","it":"sereno","en":"sunny"}},"C":{"@attributes":{"descrizione":"collina","icona":"a001","icona2":"a001","it":"sereno","en":"sunny"}},"R":{"@attributes":{"descrizione":"rilievi","icona":"a001","icona2":"a001","it":"sereno","en":"sunny"}}},"sera_notte":{"P":{"@attributes":{"descrizione":"pianura e capoluogo","icona":"b001","icona2":"b001","it":"sereno","en":"clear sky"}},"C":{"@attributes":{"descrizione":"collina","icona":"b001","icona2":"b001","it":"sereno","en":"clear sky"}},"R":{"@attributes":{"descrizione":"rilievi","icona":"b001","icona2":"b001","it":"sereno","en":"clear sky"}}},"testo_previsione":"<p><i>in pianura<\/i> sereno, <i>sui rilievi<\/i> sereno o poco nuvoloso; dal <b>pomeriggio<\/b> sereno.<\/p><p>Temperature massime pomeridiane comprese tra 16&deg; sui rilievi e 20&deg; in pianura.<\/p><p>Velocit&agrave; massima del vento stimata in 32 km\/h.<\/p>"},"FE":{"@attributes":{"descrizione":"provincia di Ferrara"},"mattina":{"P":{"@attributes":{"descrizione":"pianura est","icona":"a001","icona2":"a001","it":"sereno","en":"sunny"}},"C":{"@attributes":{"descrizione":"pianura ovest e capoluogo","icona":"a001","icona2":"a001","it":"sereno","en":"sunny"}},"M":{"@attributes":{"descrizione":"mare","icona":"d003","icona2":"d010","it":"mare molto mosso con tendenza ad attenuazione del moto ondoso","en":"moderate sea with a tendency to attenuation in the wave"}}},"pomeriggio":{"P":{"@attributes":{"descrizione":"pianura est","icona":"a001","icona2":"a001","it":"sereno","en":"sunny"}},"C":{"@attributes":{"descrizione":"pianura ovest e capoluogo","icona":"a001","icona2":"a001","it":"sereno","en":"sunny"}},"M":{"@attributes":{"descrizione":"mare","icona":"d002","icona2":"d011","it":"mare mosso con tendenza ad attenuazione del moto ondoso","en":"slight sea with a tendency to attenuation in the wave"}}},"sera_notte":{"P":{"@attributes":{"descrizione":"pianura est","icona":"b001","icona2":"b001","it":"sereno","en":"clear sky"}},"C":{"@attributes":{"descrizione":"pianura ovest e capoluogo","icona":"b001","icona2":"b001","it":"sereno","en":"clear sky"}},"M":{"@attributes":{"descrizione":"mare","icona":"d002","icona2":"d002","it":"mare poco mosso","en":"smooth sea"}}},"testo_previsione":"<p>Sereno tutta la <b>giornata<\/b>.<\/p><p>Temperature massime pomeridiane comprese tra 18&deg; sulla costa e 20&deg; nell&apos;interno.<\/p><p>Velocit&agrave; massima del vento compresa tra 28 (sulla costa) e 36 km\/h (nell&apos;interno).<\/p><p>Al <b>mattino<\/b> mare molto mosso con tendenza ad attenuazione del moto ondoso; nel <b>pomeriggio<\/b> mare mosso con tendenza ad attenuazione del moto ondoso; dalla <b>sera<\/b> mare poco mosso.<\/p>"},"RA":{"@attributes":{"descrizione":"provincia di Ravenna"},"mattina":{"P":{"@attributes":{"descrizione":"costa","icona":"a001","icona2":"a001","it":"sereno","en":"sunny"}},"C":{"@attributes":{"descrizione":"pianura e capoluogo","icona":"a001","icona2":"a001","it":"sereno","en":"sunny"}},"R":{"@attributes":{"descrizione":"rilievi e collina","icona":"a001","icona2":"a001","it":"sereno","en":"sunny"}},"M":{"@attributes":{"descrizione":"mare","icona":"d003","icona2":"d010","it":"mare molto mosso con tendenza ad attenuazione del moto ondoso","en":"moderate sea with a tendency to attenuation in the wave"}}},"pomeriggio":{"P":{"@attributes":{"descrizione":"costa","icona":"a001","icona2":"a001","it":"sereno","en":"sunny"}},"C":{"@attributes":{"descrizione":"pianura e capoluogo","icona":"a001","icona2":"a001","it":"sereno","en":"sunny"}},"R":{"@attributes":{"descrizione":"rilievi e collina","icona":"a001","icona2":"a001","it":"sereno","en":"sunny"}},"M":{"@attributes":{"descrizione":"mare","icona":"d002","icona2":"d011","it":"mare mosso con tendenza ad attenuazione del moto ondoso","en":"slight sea with a tendency to attenuation in the wave"}}},"sera_notte":{"P":{"@attributes":{"descrizione":"costa","icona":"b001","icona2":"b001","it":"sereno","en":"clear sky"}},"C":{"@attributes":{"descrizione":"pianura e capoluogo","icona":"b001","icona2":"b001","it":"sereno","en":"clear sky"}},"R":{"@attributes":{"descrizione":"rilievi e collina","icona":"b001","icona2":"b001","it":"sereno","en":"clear sky"}},"M":{"@attributes":{"descrizione":"mare","icona":"d002","icona2":"d002","it":"mare poco mosso","en":"smooth sea"}}},"testo_previsione":"<p>Sereno tutta la <b>giornata<\/b>.<\/p><p>Temperature massime pomeridiane comprese tra 16&deg; sui rilievi e 18&deg; sulla costa.<\/p><p>Velocit&agrave; massima del vento compresa tra 35 (sulla costa) e 40 km\/h (sui rilievi).<\/p><p>Al <b>mattino<\/b> mare molto mosso con tendenza ad attenuazione del moto ondoso; nel <b>pomeriggio<\/b> mare mosso con tendenza ad attenuazione del moto ondoso; dalla <b>sera<\/b> mare poco mosso.<\/p>"},"FC":{"@attributes":{"descrizione":"provincia di Forl\u00c3\u00ac-Cesena"},"mattina":{"P":{"@attributes":{"descrizione":"costa","icona":"a001","icona2":"a001","it":"sereno","en":"sunny"}},"C":{"@attributes":{"descrizione":"pianura e capolugo","icona":"a001","icona2":"a001","it":"sereno","en":"sunny"}},"R":{"@attributes":{"descrizione":"rilievi","icona":"a001","icona2":"a001","it":"sereno","en":"sunny"}},"M":{"@attributes":{"descrizione":"mare","icona":"d003","icona2":"d010","it":"mare molto mosso con tendenza ad attenuazione del moto ondoso","en":"moderate sea with a tendency to attenuation in the wave"}}},"pomeriggio":{"P":{"@attributes":{"descrizione":"costa","icona":"a001","icona2":"a001","it":"sereno","en":"sunny"}},"C":{"@attributes":{"descrizione":"pianura e capolugo","icona":"a001","icona2":"a001","it":"sereno","en":"sunny"}},"R":{"@attributes":{"descrizione":"rilievi","icona":"a001","icona2":"a001","it":"sereno","en":"sunny"}},"M":{"@attributes":{"descrizione":"mare","icona":"d002","icona2":"d011","it":"mare mosso con tendenza ad attenuazione del moto ondoso","en":"slight sea with a tendency to attenuation in the wave"}}},"sera_notte":{"P":{"@attributes":{"descrizione":"costa","icona":"b001","icona2":"b001","it":"sereno","en":"clear sky"}},"C":{"@attributes":{"descrizione":"pianura e capolugo","icona":"b001","icona2":"b001","it":"sereno","en":"clear sky"}},"R":{"@attributes":{"descrizione":"rilievi","icona":"b001","icona2":"b001","it":"sereno","en":"clear sky"}},"M":{"@attributes":{"descrizione":"mare","icona":"d002","icona2":"d002","it":"mare poco mosso","en":"smooth sea"}}},"testo_previsione":"<p>Sereno tutta la <b>giornata<\/b>.<\/p><p>Temperature massime pomeridiane comprese tra 12&deg; sui rilievi e 18&deg; in pianura.<\/p><p>Velocit&agrave; massima del vento compresa tra 40 (in pianura) e 58 km\/h (sui rilievi).<\/p><p>Al <b>mattino<\/b> mare molto mosso con tendenza ad attenuazione del moto ondoso; nel <b>pomeriggio<\/b> mare mosso con tendenza ad attenuazione del moto ondoso; dalla <b>sera<\/b> mare poco mosso.<\/p>"},"RN":{"@attributes":{"descrizione":"provincia di Rimini"},"mattina":{"P":{"@attributes":{"descrizione":"costa","icona":"a001","icona2":"a001","it":"sereno","en":"sunny"}},"C":{"@attributes":{"descrizione":"collina","icona":"a001","icona2":"a001","it":"sereno","en":"sunny"}},"R":{"@attributes":{"descrizione":"rilievi","icona":"a001","icona2":"a001","it":"sereno","en":"sunny"}},"M":{"@attributes":{"descrizione":"mare","icona":"d003","icona2":"d010","it":"mare molto mosso con tendenza ad attenuazione del moto ondoso","en":"moderate sea with a tendency to attenuation in the wave"}}},"pomeriggio":{"P":{"@attributes":{"descrizione":"costa","icona":"a001","icona2":"a001","it":"sereno","en":"sunny"}},"C":{"@attributes":{"descrizione":"collina","icona":"a001","icona2":"a001","it":"sereno","en":"sunny"}},"R":{"@attributes":{"descrizione":"rilievi","icona":"a001","icona2":"a001","it":"sereno","en":"sunny"}},"M":{"@attributes":{"descrizione":"mare","icona":"d002","icona2":"d011","it":"mare mosso con tendenza ad attenuazione del moto ondoso","en":"slight sea with a tendency to attenuation in the wave"}}},"sera_notte":{"P":{"@attributes":{"descrizione":"costa","icona":"b001","icona2":"b001","it":"sereno","en":"clear sky"}},"C":{"@attributes":{"descrizione":"collina","icona":"b001","icona2":"b001","it":"sereno","en":"clear sky"}},"R":{"@attributes":{"descrizione":"rilievi","icona":"b001","icona2":"b001","it":"sereno","en":"clear sky"}},"M":{"@attributes":{"descrizione":"mare","icona":"d002","icona2":"d002","it":"mare poco mosso","en":"smooth sea"}}},"testo_previsione":"<p>Sereno tutta la <b>giornata<\/b>.<\/p><p>Temperature massime pomeridiane comprese tra 12&deg; sui rilievi e 17&deg; sulla costa.<\/p><p>Velocit&agrave; massima del vento compresa tra 49 (sulla costa) e 58 km\/h (sui rilievi).<\/p>"}}},"data":"venerd\u00ec"},"domani":{"xml":{"@attributes":{"tipo":"dopodomani","timestamp":"1777532809","emissione":"gioved\u00ec 30 aprile 2026","validita":"dopodomani, sabato  2 maggio 2026"},"regionale":{"testo":{"cielo":"cielo prevalentemente sereno per tutta la giornata, eccetto possibili addensamenti cumuliformi pomeridiani sui rilievi centro-occidentali.","temperatura":"perlopi\u00f9 stazionarie le minime comprese tra 6\/9 gradi, in aumento le massime con valori fino a 23\/24 gradi, poco pi\u00f9 basse sul riminese.","vento":"deboli da direzione variabile.","mare":"poco mosso."},"mappe":{"mattina":{"M1":{"@attributes":{"descrizione":"FE-RA mare","icona":"d002","icona2":"d002","it":"mare poco mosso","en":"smooth sea"}},"M2":{"@attributes":{"descrizione":"FC-RN mare","icona":"d002","icona2":"d002","it":"mare poco mosso","en":"smooth sea"}},"C1":{"@attributes":{"descrizione":"PC rilievi e collina","icona":"a001","icona2":"a001","it":"sereno","en":"sunny"}},"C14":{"@attributes":{"descrizione":"PR-RE rilievi e collina","icona":"a001","icona2":"a001","it":"sereno","en":"sunny"}},"C2":{"@attributes":{"descrizione":"MO-BO rilievi e collina","icona":"a001","icona2":"a001","it":"sereno","en":"sunny"}},"C3":{"@attributes":{"descrizione":"RA rilievi","icona":"a001","icona2":"a001","it":"sereno","en":"sunny"}},"C4":{"@attributes":{"descrizione":"FC-RN rilievi","icona":"a001","icona2":"a001","it":"sereno","en":"sunny"}},"C5":{"@attributes":{"descrizione":"RN-FC costa","icona":"a001","icona2":"a001","it":"sereno","en":"sunny"}},"C6":{"@attributes":{"descrizione":"FC-RA pianura","icona":"a001","icona2":"a001","it":"sereno","en":"sunny"}},"C7":{"@attributes":{"descrizione":"RA costa","icona":"a001","icona2":"a001","it":"sereno","en":"sunny"}},"C8":{"@attributes":{"descrizione":"FE costa","icona":"a001","icona2":"a001","it":"sereno","en":"sunny"}},"C9":{"@attributes":{"descrizione":"FE pianura","icona":"a001","icona2":"a001","it":"sereno","en":"sunny"}},"C10":{"@attributes":{"descrizione":"BO pianura","icona":"a001","icona2":"a001","it":"sereno","en":"sunny"}},"C11":{"@attributes":{"descrizione":"MO-RE pianura","icona":"a001","icona2":"a001","it":"sereno","en":"sunny"}},"C12":{"@attributes":{"descrizione":"PR pianura","icona":"a001","icona2":"a001","it":"sereno","en":"sunny"}},"C13":{"@attributes":{"descrizione":"PC pianura","icona":"a001","icona2":"a001","it":"sereno","en":"sunny"}}},"pomeriggio":{"M1":{"@attributes":{"descrizione":"FE-RA mare","icona":"d002","icona2":"d002","it":"mare poco mosso","en":"smooth sea"}},"M2":{"@attributes":{"descrizione":"FC-RN mare","icona":"d002","icona2":"d002","it":"mare poco mosso","en":"smooth sea"}},"C1":{"@attributes":{"descrizione":"PC rilievi e collina","icona":"a003","icona2":"a003","it":"sereno o poco nuvoloso","en":"partly cloudy"}},"C14":{"@attributes":{"descrizione":"PR-RE rilievi e collina","icona":"a003","icona2":"a003","it":"sereno o poco nuvoloso","en":"partly cloudy"}},"C2":{"@attributes":{"descrizione":"MO-BO rilievi e collina","icona":"a003","icona2":"a003","it":"sereno o poco nuvoloso","en":"partly cloudy"}},"C3":{"@attributes":{"descrizione":"RA rilievi","icona":"a001","icona2":"a001","it":"sereno","en":"sunny"}},"C4":{"@attributes":{"descrizione":"FC-RN rilievi","icona":"a001","icona2":"a001","it":"sereno","en":"sunny"}},"C5":{"@attributes":{"descrizione":"RN-FC costa","icona":"a001","icona2":"a001","it":"sereno","en":"sunny"}},"C6":{"@attributes":{"descrizione":"FC-RA pianura","icona":"a001","icona2":"a001","it":"sereno","en":"sunny"}},"C7":{"@attributes":{"descrizione":"RA costa","icona":"a001","icona2":"a001","it":"sereno","en":"sunny"}},"C8":{"@attributes":{"descrizione":"FE costa","icona":"a001","icona2":"a001","it":"sereno","en":"sunny"}},"C9":{"@attributes":{"descrizione":"FE pianura","icona":"a001","icona2":"a001","it":"sereno","en":"sunny"}},"C10":{"@attributes":{"descrizione":"BO pianura","icona":"a001","icona2":"a001","it":"sereno","en":"sunny"}},"C11":{"@attributes":{"descrizione":"MO-RE pianura","icona":"a001","icona2":"a001","it":"sereno","en":"sunny"}},"C12":{"@attributes":{"descrizione":"PR pianura","icona":"a001","icona2":"a001","it":"sereno","en":"sunny"}},"C13":{"@attributes":{"descrizione":"PC pianura","icona":"a001","icona2":"a001","it":"sereno","en":"sunny"}}},"sera_notte":{"M1":{"@attributes":{"descrizione":"FE-RA mare","icona":"d002","icona2":"d002","it":"mare poco mosso","en":"smooth sea"}},"M2":{"@attributes":{"descrizione":"FC-RN mare","icona":"d002","icona2":"d002","it":"mare poco mosso","en":"smooth sea"}},"C1":{"@attributes":{"descrizione":"PC rilievi e collina","icona":"b001","icona2":"b001","it":"sereno","en":"clear sky"}},"C14":{"@attributes":{"descrizione":"PR-RE rilievi e collina","icona":"b001","icona2":"b001","it":"sereno","en":"clear sky"}},"C2":{"@attributes":{"descrizione":"MO-BO rilievi e collina","icona":"b001","icona2":"b001","it":"sereno","en":"clear sky"}},"C3":{"@attributes":{"descrizione":"RA rilievi","icona":"b001","icona2":"b001","it":"sereno","en":"clear sky"}},"C4":{"@attributes":{"descrizione":"FC-RN rilievi","icona":"b001","icona2":"b001","it":"sereno","en":"clear sky"}},"C5":{"@attributes":{"descrizione":"RN-FC costa","icona":"b001","icona2":"b001","it":"sereno","en":"clear sky"}},"C6":{"@attributes":{"descrizione":"FC-RA pianura","icona":"b001","icona2":"b001","it":"sereno","en":"clear sky"}},"C7":{"@attributes":{"descrizione":"RA costa","icona":"b001","icona2":"b001","it":"sereno","en":"clear sky"}},"C8":{"@attributes":{"descrizione":"FE costa","icona":"b001","icona2":"b001","it":"sereno","en":"clear sky"}},"C9":{"@attributes":{"descrizione":"FE pianura","icona":"b001","icona2":"b001","it":"sereno","en":"clear sky"}},"C10":{"@attributes":{"descrizione":"BO pianura","icona":"b001","icona2":"b001","it":"sereno","en":"clear sky"}},"C11":{"@attributes":{"descrizione":"MO-RE pianura","icona":"b001","icona2":"b001","it":"sereno","en":"clear sky"}},"C12":{"@attributes":{"descrizione":"PR pianura","icona":"b001","icona2":"b001","it":"sereno","en":"clear sky"}},"C13":{"@attributes":{"descrizione":"PC pianura","icona":"b001","icona2":"b001","it":"sereno","en":"clear sky"}}}}},"dati":{"temperatura_minima":{"t13":{"@attributes":{"descrizione":"PC pianura ","dato":"6"}},"t12":{"@attributes":{"descrizione":"PR pianura","dato":"7"}},"t15":{"@attributes":{"descrizione":"RE pianura","dato":"6"}},"t11":{"@attributes":{"descrizione":"MO pianura","dato":"7"}},"t10":{"@attributes":{"descrizione":"BO pianura","dato":"8"}},"t9":{"@attributes":{"descrizione":"FE pianura","dato":"7"}},"t8":{"@attributes":{"descrizione":"FE costa","dato":"8"}},"t6":{"@attributes":{"descrizione":"FC-RA pianura","dato":"5"}},"t7":{"@attributes":{"descrizione":"RA costa","dato":"7"}},"t5":{"@attributes":{"descrizione":"RN-FC costa","dato":"9"}},"t1":{"@attributes":{"descrizione":"PC rilievi e collina","dato":"6"}},"t14":{"@attributes":{"descrizione":"PR-RE rilievi e collina","dato":"6"}},"t2":{"@attributes":{"descrizione":"MO-BO rilievi e collina","dato":"6"}},"t3":{"@attributes":{"descrizione":"RA rilievi","dato":"7"}},"t4":{"@attributes":{"descrizione":"FC-RN rilievi","dato":"4"}}},"temperatura_massima":{"T13":{"@attributes":{"descrizione":"PC pianura ","dato":"24"}},"T12":{"@attributes":{"descrizione":"PR pianura","dato":"24"}},"T15":{"@attributes":{"descrizione":"RE pianura","dato":"23"}},"T11":{"@attributes":{"descrizione":"MO pianura","dato":"23"}},"T10":{"@attributes":{"descrizione":"BO pianura","dato":"23"}},"T9":{"@attributes":{"descrizione":"FE pianura","dato":"23"}},"T8":{"@attributes":{"descrizione":"FE costa","dato":"22"}},"T6":{"@attributes":{"descrizione":"FC-RA pianura","dato":"23"}},"T7":{"@attributes":{"descrizione":"RA costa","dato":"22"}},"T5":{"@attributes":{"descrizione":"RN-FC costa","dato":"19"}},"T1":{"@attributes":{"descrizione":"PC rilievi e collina","dato":"17"}},"T14":{"@attributes":{"descrizione":"PR-RE rilievi e collina","dato":"19"}},"T2":{"@attributes":{"descrizione":"MO-BO rilievi e collina","dato":"20"}},"T3":{"@attributes":{"descrizione":"RA rilievi","dato":"20"}},"T4":{"@attributes":{"descrizione":"FC-RN rilievi","dato":"16"}}},"precipitazioni":{"P13":{"@attributes":{"descrizione":"PC pianura ","dato":"0"}},"P12":{"@attributes":{"descrizione":"PR pianura","dato":"0"}},"P15":{"@attributes":{"descrizione":"RE pianura","dato":"0"}},"P11":{"@attributes":{"descrizione":"MO pianura","dato":"0"}},"P10":{"@attributes":{"descrizione":"BO pianura","dato":"0"}},"P9":{"@attributes":{"descrizione":"FE pianura","dato":"0"}},"P8":{"@attributes":{"descrizione":"FE costa","dato":"0"}},"P6":{"@attributes":{"descrizione":"FC-RA pianura","dato":"0"}},"P7":{"@attributes":{"descrizione":"RA costa","dato":"0"}},"P5":{"@attributes":{"descrizione":"RN-FC costa","dato":"0"}},"P1":{"@attributes":{"descrizione":"PC rilievi e collina","dato":"0"}},"P14":{"@attributes":{"descrizione":"PR-RE rilievi e collina","dato":"0"}},"P2":{"@attributes":{"descrizione":"MO-BO rilievi e collina","dato":"0"}},"P3":{"@attributes":{"descrizione":"RA rilievi","dato":"0"}},"P4":{"@attributes":{"descrizione":"FC-RN rilievi","dato":"0"}}},"vento_massimo":{"V13":{"@attributes":{"descrizione":"PC pianura ","dato":"14"}},"V12":{"@attributes":{"descrizione":"PR pianura","dato":"21"}},"V15":{"@attributes":{"descrizione":"RE pianura","dato":"23"}},"V11":{"@attributes":{"descrizione":"MO pianura","dato":"21"}},"V10":{"@attributes":{"descrizione":"BO pianura","dato":"24"}},"V9":{"@attributes":{"descrizione":"FE pianura","dato":"19"}},"V8":{"@attributes":{"descrizione":"FE costa","dato":"27"}},"V6":{"@attributes":{"descrizione":"FC-RA pianura","dato":"25"}},"V7":{"@attributes":{"descrizione":"RA costa","dato":"25"}},"V5":{"@attributes":{"descrizione":"RN-FC costa","dato":"25"}},"V1":{"@attributes":{"descrizione":"PC rilievi e collina","dato":"30"}},"V14":{"@attributes":{"descrizione":"PR-RE rilievi e collina","dato":"32"}},"V2":{"@attributes":{"descrizione":"MO-BO rilievi e collina","dato":"26"}},"V3":{"@attributes":{"descrizione":"RA rilievi","dato":"26"}},"V4":{"@attributes":{"descrizione":"FC-RN rilievi","dato":"34"}}}},"provinciale":{"PC":{"@attributes":{"descrizione":"provincia di Piacenza"},"mattina":{"P":{"@attributes":{"descrizione":"pianura e capoluogo","icona":"a001","icona2":"a001","it":"sereno","en":"sunny"}},"C":{"@attributes":{"descrizione":"collina","icona":"a001","icona2":"a001","it":"sereno","en":"sunny"}},"R":{"@attributes":{"descrizione":"rilievi","icona":"a001","icona2":"a001","it":"sereno","en":"sunny"}}},"pomeriggio":{"P":{"@attributes":{"descrizione":"pianura e capoluogo","icona":"a001","icona2":"a001","it":"sereno","en":"sunny"}},"C":{"@attributes":{"descrizione":"collina","icona":"a001","icona2":"a001","it":"sereno","en":"sunny"}},"R":{"@attributes":{"descrizione":"rilievi","icona":"a003","icona2":"a003","it":"sereno o poco nuvoloso","en":"partly cloudy"}}},"sera_notte":{"P":{"@attributes":{"descrizione":"pianura e capoluogo","icona":"b001","icona2":"b001","it":"sereno","en":"clear sky"}},"C":{"@attributes":{"descrizione":"collina","icona":"b001","icona2":"b001","it":"sereno","en":"clear sky"}},"R":{"@attributes":{"descrizione":"rilievi","icona":"b001","icona2":"b001","it":"sereno","en":"clear sky"}}},"testo_previsione":"<p>Al <b>mattino<\/b> sereno; nel <b>pomeriggio<\/b> <i>in pianura<\/i> sereno, <i>sui rilievi<\/i> sereno o poco nuvoloso; dalla <b>sera<\/b> sereno.<\/p><p>Temperature minime del mattino intorno ai 6&deg;<br \/>Temperature massime pomeridiane comprese tra 17&deg; sui rilievi e 24&deg; in pianura.<\/p><p>Velocit&agrave; massima del vento compresa tra 14 (in pianura) e 30 km\/h (sui rilievi).<\/p>"},"PR":{"@attributes":{"descrizione":"provincia di Parma"},"mattina":{"P":{"@attributes":{"descrizione":"pianura e capoluogo","icona":"a001","icona2":"a001","it":"sereno","en":"sunny"}},"C":{"@attributes":{"descrizione":"collina","icona":"a001","icona2":"a001","it":"sereno","en":"sunny"}},"R":{"@attributes":{"descrizione":"rilievi","icona":"a001","icona2":"a001","it":"sereno","en":"sunny"}}},"pomeriggio":{"P":{"@attributes":{"descrizione":"pianura e capoluogo","icona":"a001","icona2":"a001","it":"sereno","en":"sunny"}},"C":{"@attributes":{"descrizione":"collina","icona":"a001","icona2":"a001","it":"sereno","en":"sunny"}},"R":{"@attributes":{"descrizione":"rilievi","icona":"a003","icona2":"a003","it":"sereno o poco nuvoloso","en":"partly cloudy"}}},"sera_notte":{"P":{"@attributes":{"descrizione":"pianura e capoluogo","icona":"b001","icona2":"b001","it":"sereno","en":"clear sky"}},"C":{"@attributes":{"descrizione":"collina","icona":"b001","icona2":"b001","it":"sereno","en":"clear sky"}},"R":{"@attributes":{"descrizione":"rilievi","icona":"b001","icona2":"b001","it":"sereno","en":"clear sky"}}},"testo_previsione":"<p>Al <b>mattino<\/b> sereno; nel <b>pomeriggio<\/b> <i>in pianura<\/i> sereno, <i>sui rilievi<\/i> sereno o poco nuvoloso; dalla <b>sera<\/b> sereno.<\/p><p>Temperature minime del mattino intorno ai 7&deg;<br \/>Temperature massime pomeridiane comprese tra 19&deg; sui rilievi e 24&deg; in pianura.<\/p><p>Velocit&agrave; massima del vento compresa tra 21 (in pianura) e 32 km\/h (sui rilievi).<\/p>"},"RE":{"@attributes":{"descrizione":"provincia di Reggio-Emilia"},"mattina":{"P":{"@attributes":{"descrizione":"pianura e capoluogo","icona":"a001","icona2":"a001","it":"sereno","en":"sunny"}},"C":{"@attributes":{"descrizione":"collina","icona":"a001","icona2":"a001","it":"sereno","en":"sunny"}},"R":{"@attributes":{"descrizione":"rilievi","icona":"a001","icona2":"a001","it":"sereno","en":"sunny"}}},"pomeriggio":{"P":{"@attributes":{"descrizione":"pianura e capoluogo","icona":"a001","icona2":"a001","it":"sereno","en":"sunny"}},"C":{"@attributes":{"descrizione":"collina","icona":"a001","icona2":"a001","it":"sereno","en":"sunny"}},"R":{"@attributes":{"descrizione":"rilievi","icona":"a003","icona2":"a003","it":"sereno o poco nuvoloso","en":"partly cloudy"}}},"sera_notte":{"P":{"@attributes":{"descrizione":"pianura e capoluogo","icona":"b001","icona2":"b001","it":"sereno","en":"clear sky"}},"C":{"@attributes":{"descrizione":"collina","icona":"b001","icona2":"b001","it":"sereno","en":"clear sky"}},"R":{"@attributes":{"descrizione":"rilievi","icona":"b001","icona2":"b001","it":"sereno","en":"clear sky"}}},"testo_previsione":"<p>Al <b>mattino<\/b> sereno; nel <b>pomeriggio<\/b> <i>in pianura<\/i> sereno, <i>sui rilievi<\/i> sereno o poco nuvoloso; dalla <b>sera<\/b> sereno.<\/p><p>Temperature minime del mattino intorno ai 6&deg;<br \/>Temperature massime pomeridiane comprese tra 19&deg; sui rilievi e 23&deg; in pianura.<\/p><p>Velocit&agrave; massima del vento compresa tra 23 (in pianura) e 32 km\/h (sui rilievi).<\/p>"},"MO":{"@attributes":{"descrizione":"provincia di Modena"},"mattina":{"P":{"@attributes":{"descrizione":"pianura e capoluogo","icona":"a001","icona2":"a001","it":"sereno","en":"sunny"}},"C":{"@attributes":{"descrizione":"collina","icona":"a001","icona2":"a001","it":"sereno","en":"sunny"}},"R":{"@attributes":{"descrizione":"rilievi","icona":"a001","icona2":"a001","it":"sereno","en":"sunny"}}},"pomeriggio":{"P":{"@attributes":{"descrizione":"pianura e capoluogo","icona":"a001","icona2":"a001","it":"sereno","en":"sunny"}},"C":{"@attributes":{"descrizione":"collina","icona":"a001","icona2":"a001","it":"sereno","en":"sunny"}},"R":{"@attributes":{"descrizione":"rilievi","icona":"a003","icona2":"a003","it":"sereno o poco nuvoloso","en":"partly cloudy"}}},"sera_notte":{"P":{"@attributes":{"descrizione":"pianura e capoluogo","icona":"b001","icona2":"b001","it":"sereno","en":"clear sky"}},"C":{"@attributes":{"descrizione":"collina","icona":"b001","icona2":"b001","it":"sereno","en":"clear sky"}},"R":{"@attributes":{"descrizione":"rilievi","icona":"b001","icona2":"b001","it":"sereno","en":"clear sky"}}},"testo_previsione":"<p>Al <b>mattino<\/b> sereno; nel <b>pomeriggio<\/b> <i>in pianura<\/i> sereno, <i>sui rilievi<\/i> sereno o poco nuvoloso; dalla <b>sera<\/b> sereno.<\/p><p>Temperature minime del mattino intorno ai 7&deg;<br \/>Temperature massime pomeridiane comprese tra 20&deg; sui rilievi e 23&deg; in pianura.<\/p><p>Velocit&agrave; massima del vento compresa tra 21 (in pianura) e 26 km\/h (sui rilievi).<\/p>"},"BO":{"@attributes":{"descrizione":"provincia di Bologna"},"mattina":{"P":{"@attributes":{"descrizione":"pianura e capoluogo","icona":"a001","icona2":"a001","it":"sereno","en":"sunny"}},"C":{"@attributes":{"descrizione":"collina","icona":"a001","icona2":"a001","it":"sereno","en":"sunny"}},"R":{"@attributes":{"descrizione":"rilievi","icona":"a001","icona2":"a001","it":"sereno","en":"sunny"}}},"pomeriggio":{"P":{"@attributes":{"descrizione":"pianura e capoluogo","icona":"a001","icona2":"a001","it":"sereno","en":"sunny"}},"C":{"@attributes":{"descrizione":"collina","icona":"a001","icona2":"a001","it":"sereno","en":"sunny"}},"R":{"@attributes":{"descrizione":"rilievi","icona":"a003","icona2":"a003","it":"sereno o poco nuvoloso","en":"partly cloudy"}}},"sera_notte":{"P":{"@attributes":{"descrizione":"pianura e capoluogo","icona":"b001","icona2":"b001","it":"sereno","en":"clear sky"}},"C":{"@attributes":{"descrizione":"collina","icona":"b001","icona2":"b001","it":"sereno","en":"clear sky"}},"R":{"@attributes":{"descrizione":"rilievi","icona":"b001","icona2":"b001","it":"sereno","en":"clear sky"}}},"testo_previsione":"<p>Al <b>mattino<\/b> sereno; nel <b>pomeriggio<\/b> <i>in pianura<\/i> sereno, <i>sui rilievi<\/i> sereno o poco nuvoloso; dalla <b>sera<\/b> sereno.<\/p><p>Temperature minime del mattino intorno ai 8&deg;<br \/>Temperature massime pomeridiane comprese tra 20&deg; sui rilievi e 23&deg; in pianura.<\/p><p>Velocit&agrave; massima del vento compresa tra 24 (in pianura) e 26 km\/h (sui rilievi).<\/p>"},"FE":{"@attributes":{"descrizione":"provincia di Ferrara"},"mattina":{"P":{"@attributes":{"descrizione":"pianura est","icona":"a001","icona2":"a001","it":"sereno","en":"sunny"}},"C":{"@attributes":{"descrizione":"pianura ovest e capoluogo","icona":"a001","icona2":"a001","it":"sereno","en":"sunny"}},"M":{"@attributes":{"descrizione":"mare","icona":"d002","icona2":"d002","it":"mare poco mosso","en":"smooth sea"}}},"pomeriggio":{"P":{"@attributes":{"descrizione":"pianura est","icona":"a001","icona2":"a001","it":"sereno","en":"sunny"}},"C":{"@attributes":{"descrizione":"pianura ovest e capoluogo","icona":"a001","icona2":"a001","it":"sereno","en":"sunny"}},"M":{"@attributes":{"descrizione":"mare","icona":"d002","icona2":"d002","it":"mare poco mosso","en":"smooth sea"}}},"sera_notte":{"P":{"@attributes":{"descrizione":"pianura est","icona":"b001","icona2":"b001","it":"sereno","en":"clear sky"}},"C":{"@attributes":{"descrizione":"pianura ovest e capoluogo","icona":"b001","icona2":"b001","it":"sereno","en":"clear sky"}},"M":{"@attributes":{"descrizione":"mare","icona":"d002","icona2":"d002","it":"mare poco mosso","en":"smooth sea"}}},"testo_previsione":"<p>Sereno tutta la <b>giornata<\/b>.<\/p><p>Temperature minime del mattino intorno ai 8&deg;<br \/>Temperature massime pomeridiane comprese tra 22&deg; sulla costa e 23&deg; nell&apos;interno.<\/p><p>Velocit&agrave; massima del vento compresa tra 19 (nell&apos;interno) e 22 km\/h (sulla costa).<\/p><p>Mare poco mosso.<\/p>"},"RA":{"@attributes":{"descrizione":"provincia di Ravenna"},"mattina":{"P":{"@attributes":{"descrizione":"costa","icona":"a001","icona2":"a001","it":"sereno","en":"sunny"}},"C":{"@attributes":{"descrizione":"pianura e capoluogo","icona":"a001","icona2":"a001","it":"sereno","en":"sunny"}},"R":{"@attributes":{"descrizione":"rilievi e collina","icona":"a001","icona2":"a001","it":"sereno","en":"sunny"}},"M":{"@attributes":{"descrizione":"mare","icona":"d002","icona2":"d002","it":"mare poco mosso","en":"smooth sea"}}},"pomeriggio":{"P":{"@attributes":{"descrizione":"costa","icona":"a001","icona2":"a001","it":"sereno","en":"sunny"}},"C":{"@attributes":{"descrizione":"pianura e capoluogo","icona":"a001","icona2":"a001","it":"sereno","en":"sunny"}},"R":{"@attributes":{"descrizione":"rilievi e collina","icona":"a001","icona2":"a001","it":"sereno","en":"sunny"}},"M":{"@attributes":{"descrizione":"mare","icona":"d002","icona2":"d002","it":"mare poco mosso","en":"smooth sea"}}},"sera_notte":{"P":{"@attributes":{"descrizione":"costa","icona":"b001","icona2":"b001","it":"sereno","en":"clear sky"}},"C":{"@attributes":{"descrizione":"pianura e capoluogo","icona":"b001","icona2":"b001","it":"sereno","en":"clear sky"}},"R":{"@attributes":{"descrizione":"rilievi e collina","icona":"b001","icona2":"b001","it":"sereno","en":"clear sky"}},"M":{"@attributes":{"descrizione":"mare","icona":"d002","icona2":"d002","it":"mare poco mosso","en":"smooth sea"}}},"testo_previsione":"<p>Sereno tutta la <b>giornata<\/b>.<\/p><p>Temperature minime del mattino intorno ai 7&deg;<br \/>Temperature massime pomeridiane comprese tra 20&deg; sui rilievi e 22&deg; sulla costa.<\/p><p>Velocit&agrave; massima del vento compresa tra 25 (sulla costa) e 26 km\/h (sui rilievi).<\/p><p>Mare poco mosso.<\/p>"},"FC":{"@attributes":{"descrizione":"provincia di Forl\u00c3\u00ac-Cesena"},"mattina":{"P":{"@attributes":{"descrizione":"costa","icona":"a001","icona2":"a001","it":"sereno","en":"sunny"}},"C":{"@attributes":{"descrizione":"pianura e capolugo","icona":"a001","icona2":"a001","it":"sereno","en":"sunny"}},"R":{"@attributes":{"descrizione":"rilievi","icona":"a001","icona2":"a001","it":"sereno","en":"sunny"}},"M":{"@attributes":{"descrizione":"mare","icona":"d002","icona2":"d002","it":"mare poco mosso","en":"smooth sea"}}},"pomeriggio":{"P":{"@attributes":{"descrizione":"costa","icona":"a001","icona2":"a001","it":"sereno","en":"sunny"}},"C":{"@attributes":{"descrizione":"pianura e capolugo","icona":"a001","icona2":"a001","it":"sereno","en":"sunny"}},"R":{"@attributes":{"descrizione":"rilievi","icona":"a001","icona2":"a001","it":"sereno","en":"sunny"}},"M":{"@attributes":{"descrizione":"mare","icona":"d002","icona2":"d002","it":"mare poco mosso","en":"smooth sea"}}},"sera_notte":{"P":{"@attributes":{"descrizione":"costa","icona":"b001","icona2":"b001","it":"sereno","en":"clear sky"}},"C":{"@attributes":{"descrizione":"pianura e capolugo","icona":"b001","icona2":"b001","it":"sereno","en":"clear sky"}},"R":{"@attributes":{"descrizione":"rilievi","icona":"b001","icona2":"b001","it":"sereno","en":"clear sky"}},"M":{"@attributes":{"descrizione":"mare","icona":"d002","icona2":"d002","it":"mare poco mosso","en":"smooth sea"}}},"testo_previsione":"<p>Sereno tutta la <b>giornata<\/b>.<\/p><p>Temperature minime del mattino intorno ai 5&deg;<br \/>Temperature massime pomeridiane comprese tra 16&deg; sui rilievi e 23&deg; in pianura.<\/p><p>Velocit&agrave; massima del vento compresa tra 25 (in pianura) e 34 km\/h (sui rilievi).<\/p><p>Mare poco mosso.<\/p>"},"RN":{"@attributes":{"descrizione":"provincia di Rimini"},"mattina":{"P":{"@attributes":{"descrizione":"costa","icona":"a001","icona2":"a001","it":"sereno","en":"sunny"}},"C":{"@attributes":{"descrizione":"collina","icona":"a001","icona2":"a001","it":"sereno","en":"sunny"}},"R":{"@attributes":{"descrizione":"rilievi","icona":"a001","icona2":"a001","it":"sereno","en":"sunny"}},"M":{"@attributes":{"descrizione":"mare","icona":"d002","icona2":"d002","it":"mare poco mosso","en":"smooth sea"}}},"pomeriggio":{"P":{"@attributes":{"descrizione":"costa","icona":"a001","icona2":"a001","it":"sereno","en":"sunny"}},"C":{"@attributes":{"descrizione":"collina","icona":"a001","icona2":"a001","it":"sereno","en":"sunny"}},"R":{"@attributes":{"descrizione":"rilievi","icona":"a001","icona2":"a001","it":"sereno","en":"sunny"}},"M":{"@attributes":{"descrizione":"mare","icona":"d002","icona2":"d002","it":"mare poco mosso","en":"smooth sea"}}},"sera_notte":{"P":{"@attributes":{"descrizione":"costa","icona":"b001","icona2":"b001","it":"sereno","en":"clear sky"}},"C":{"@attributes":{"descrizione":"collina","icona":"b001","icona2":"b001","it":"sereno","en":"clear sky"}},"R":{"@attributes":{"descrizione":"rilievi","icona":"b001","icona2":"b001","it":"sereno","en":"clear sky"}},"M":{"@attributes":{"descrizione":"mare","icona":"d002","icona2":"d002","it":"mare poco mosso","en":"smooth sea"}}},"testo_previsione":"<p>Sereno tutta la <b>giornata<\/b>.<\/p><p>Temperature minime del mattino intorno ai 9&deg;<br \/>Temperature massime pomeridiane comprese tra 16&deg; sui rilievi e 19&deg; sulla costa.<\/p><p>Velocit&agrave; massima del vento compresa tra 25 (sulla costa) e 34 km\/h (sui rilievi).<\/p>"}}},"data":"sabato"},"dopodomani":{"xml":{"@attributes":{"tipo":"quartogiorno","timestamp":"1777533770","emissione":"gioved\u00ec 30 aprile 2026","validita":"quarto giorno, domenica  3 maggio 2026"},"regionale":{"testo":{"cielo":"cielo sereno o poco nuvoloso per il passaggio di nubi alte e stratiformi.","temperatura":"in lieve aumento, con valori minimi tra 8\/10 gradi e massime comprese tra 23\/25 gradi.","vento":"deboli da direzione variabile.","mare":"poco mosso."},"mappe":{"mattina":{"M1":{"@attributes":{"descrizione":"FE-RA mare","icona":"d002","icona2":"d002","it":"mare poco mosso","en":"smooth sea"}},"M2":{"@attributes":{"descrizione":"FC-RN mare","icona":"d002","icona2":"d002","it":"mare poco mosso","en":"smooth sea"}},"C1":{"@attributes":{"descrizione":"PC rilievi e collina","icona":"a002","icona2":"a002","it":"cielo velato per nubi alte","en":"partly cloudy with high clouds"}},"C14":{"@attributes":{"descrizione":"PR-RE rilievi e collina","icona":"a002","icona2":"a002","it":"cielo velato per nubi alte","en":"partly cloudy with high clouds"}},"C2":{"@attributes":{"descrizione":"MO-BO rilievi e collina","icona":"a002","icona2":"a002","it":"cielo velato per nubi alte","en":"partly cloudy with high clouds"}},"C3":{"@attributes":{"descrizione":"RA rilievi","icona":"a001","icona2":"a001","it":"sereno","en":"sunny"}},"C4":{"@attributes":{"descrizione":"FC-RN rilievi","icona":"a001","icona2":"a001","it":"sereno","en":"sunny"}},"C5":{"@attributes":{"descrizione":"RN-FC costa","icona":"a001","icona2":"a001","it":"sereno","en":"sunny"}},"C6":{"@attributes":{"descrizione":"FC-RA pianura","icona":"a001","icona2":"a001","it":"sereno","en":"sunny"}},"C7":{"@attributes":{"descrizione":"RA costa","icona":"a001","icona2":"a001","it":"sereno","en":"sunny"}},"C8":{"@attributes":{"descrizione":"FE costa","icona":"a001","icona2":"a001","it":"sereno","en":"sunny"}},"C9":{"@attributes":{"descrizione":"FE pianura","icona":"a002","icona2":"a002","it":"cielo velato per nubi alte","en":"partly cloudy with high clouds"}},"C10":{"@attributes":{"descrizione":"BO pianura","icona":"a002","icona2":"a002","it":"cielo velato per nubi alte","en":"partly cloudy with high clouds"}},"C11":{"@attributes":{"descrizione":"MO-RE pianura","icona":"a002","icona2":"a002","it":"cielo velato per nubi alte","en":"partly cloudy with high clouds"}},"C12":{"@attributes":{"descrizione":"PR pianura","icona":"a002","icona2":"a002","it":"cielo velato per nubi alte","en":"partly cloudy with high clouds"}},"C13":{"@attributes":{"descrizione":"PC pianura","icona":"a002","icona2":"a002","it":"cielo velato per nubi alte","en":"partly cloudy with high clouds"}}},"pomeriggio":{"M1":{"@attributes":{"descrizione":"FE-RA mare","icona":"d002","icona2":"d002","it":"mare poco mosso","en":"smooth sea"}},"M2":{"@attributes":{"descrizione":"FC-RN mare","icona":"d002","icona2":"d002","it":"mare poco mosso","en":"smooth sea"}},"C1":{"@attributes":{"descrizione":"PC rilievi e collina","icona":"a002","icona2":"a002","it":"cielo velato per nubi alte","en":"partly cloudy with high clouds"}},"C14":{"@attributes":{"descrizione":"PR-RE rilievi e collina","icona":"a002","icona2":"a002","it":"cielo velato per nubi alte","en":"partly cloudy with high clouds"}},"C2":{"@attributes":{"descrizione":"MO-BO rilievi e collina","icona":"a002","icona2":"a002","it":"cielo velato per nubi alte","en":"partly cloudy with high clouds"}},"C3":{"@attributes":{"descrizione":"RA rilievi","icona":"a002","icona2":"a002","it":"cielo velato per nubi alte","en":"partly cloudy with high clouds"}},"C4":{"@attributes":{"descrizione":"FC-RN rilievi","icona":"a002","icona2":"a002","it":"cielo velato per nubi alte","en":"partly cloudy with high clouds"}},"C5":{"@attributes":{"descrizione":"RN-FC costa","icona":"a002","icona2":"a002","it":"cielo velato per nubi alte","en":"partly cloudy with high clouds"}},"C6":{"@attributes":{"descrizione":"FC-RA pianura","icona":"a002","icona2":"a002","it":"cielo velato per nubi alte","en":"partly cloudy with high clouds"}},"C7":{"@attributes":{"descrizione":"RA costa","icona":"a002","icona2":"a002","it":"cielo velato per nubi alte","en":"partly cloudy with high clouds"}},"C8":{"@attributes":{"descrizione":"FE costa","icona":"a002","icona2":"a002","it":"cielo velato per nubi alte","en":"partly cloudy with high clouds"}},"C9":{"@attributes":{"descrizione":"FE pianura","icona":"a002","icona2":"a002","it":"cielo velato per nubi alte","en":"partly cloudy with high clouds"}},"C10":{"@attributes":{"descrizione":"BO pianura","icona":"a002","icona2":"a002","it":"cielo velato per nubi alte","en":"partly cloudy with high clouds"}},"C11":{"@attributes":{"descrizione":"MO-RE pianura","icona":"a002","icona2":"a002","it":"cielo velato per nubi alte","en":"partly cloudy with high clouds"}},"C12":{"@attributes":{"descrizione":"PR pianura","icona":"a002","icona2":"a002","it":"cielo velato per nubi alte","en":"partly cloudy with high clouds"}},"C13":{"@attributes":{"descrizione":"PC pianura","icona":"a002","icona2":"a002","it":"cielo velato per nubi alte","en":"partly cloudy with high clouds"}}},"sera_notte":{"M1":{"@attributes":{"descrizione":"FE-RA mare","icona":"d002","icona2":"d002","it":"mare poco mosso","en":"smooth sea"}},"M2":{"@attributes":{"descrizione":"FC-RN mare","icona":"d002","icona2":"d002","it":"mare poco mosso","en":"smooth sea"}},"C1":{"@attributes":{"descrizione":"PC rilievi e collina","icona":"b002","icona2":"b002","it":"cielo velato per nubi alte","en":"partly cloudy for cirrus"}},"C14":{"@attributes":{"descrizione":"PR-RE rilievi e collina","icona":"b002","icona2":"b002","it":"cielo velato per nubi alte","en":"partly cloudy for cirrus"}},"C2":{"@attributes":{"descrizione":"MO-BO rilievi e collina","icona":"b002","icona2":"b002","it":"cielo velato per nubi alte","en":"partly cloudy for cirrus"}},"C3":{"@attributes":{"descrizione":"RA rilievi","icona":"b002","icona2":"b002","it":"cielo velato per nubi alte","en":"partly cloudy for cirrus"}},"C4":{"@attributes":{"descrizione":"FC-RN rilievi","icona":"b002","icona2":"b002","it":"cielo velato per nubi alte","en":"partly cloudy for cirrus"}},"C5":{"@attributes":{"descrizione":"RN-FC costa","icona":"b002","icona2":"b002","it":"cielo velato per nubi alte","en":"partly cloudy for cirrus"}},"C6":{"@attributes":{"descrizione":"FC-RA pianura","icona":"b002","icona2":"b002","it":"cielo velato per nubi alte","en":"partly cloudy for cirrus"}},"C7":{"@attributes":{"descrizione":"RA costa","icona":"b002","icona2":"b002","it":"cielo velato per nubi alte","en":"partly cloudy for cirrus"}},"C8":{"@attributes":{"descrizione":"FE costa","icona":"b002","icona2":"b002","it":"cielo velato per nubi alte","en":"partly cloudy for cirrus"}},"C9":{"@attributes":{"descrizione":"FE pianura","icona":"b002","icona2":"b002","it":"cielo velato per nubi alte","en":"partly cloudy for cirrus"}},"C10":{"@attributes":{"descrizione":"BO pianura","icona":"b002","icona2":"b002","it":"cielo velato per nubi alte","en":"partly cloudy for cirrus"}},"C11":{"@attributes":{"descrizione":"MO-RE pianura","icona":"b002","icona2":"b002","it":"cielo velato per nubi alte","en":"partly cloudy for cirrus"}},"C12":{"@attributes":{"descrizione":"PR pianura","icona":"b002","icona2":"b002","it":"cielo velato per nubi alte","en":"partly cloudy for cirrus"}},"C13":{"@attributes":{"descrizione":"PC pianura","icona":"b002","icona2":"b002","it":"cielo velato per nubi alte","en":"partly cloudy for cirrus"}}}}},"dati":{"temperatura_minima":{"t13":{"@attributes":{"descrizione":"PC pianura ","dato":"10"}},"t12":{"@attributes":{"descrizione":"PR pianura","dato":"9"}},"t15":{"@attributes":{"descrizione":"RE pianura","dato":"8"}},"t11":{"@attributes":{"descrizione":"MO pianura","dato":"8"}},"t10":{"@attributes":{"descrizione":"BO pianura","dato":"9"}},"t9":{"@attributes":{"descrizione":"FE pianura","dato":"9"}},"t8":{"@attributes":{"descrizione":"FE costa","dato":"12"}},"t6":{"@attributes":{"descrizione":"FC-RA pianura","dato":"6"}},"t7":{"@attributes":{"descrizione":"RA costa","dato":"9"}},"t5":{"@attributes":{"descrizione":"RN-FC costa","dato":"10"}},"t1":{"@attributes":{"descrizione":"PC rilievi e collina","dato":"7"}},"t14":{"@attributes":{"descrizione":"PR-RE rilievi e collina","dato":"8"}},"t2":{"@attributes":{"descrizione":"MO-BO rilievi e collina","dato":"7"}},"t3":{"@attributes":{"descrizione":"RA rilievi","dato":"8"}},"t4":{"@attributes":{"descrizione":"FC-RN rilievi","dato":"6"}}},"temperatura_massima":{"T13":{"@attributes":{"descrizione":"PC pianura ","dato":"26"}},"T12":{"@attributes":{"descrizione":"PR pianura","dato":"25"}},"T15":{"@attributes":{"descrizione":"RE pianura","dato":"25"}},"T11":{"@attributes":{"descrizione":"MO pianura","dato":"25"}},"T10":{"@attributes":{"descrizione":"BO pianura","dato":"25"}},"T9":{"@attributes":{"descrizione":"FE pianura","dato":"24"}},"T8":{"@attributes":{"descrizione":"FE costa","dato":"22"}},"T6":{"@attributes":{"descrizione":"FC-RA pianura","dato":"24"}},"T7":{"@attributes":{"descrizione":"RA costa","dato":"23"}},"T5":{"@attributes":{"descrizione":"RN-FC costa","dato":"23"}},"T1":{"@attributes":{"descrizione":"PC rilievi e collina","dato":"18"}},"T14":{"@attributes":{"descrizione":"PR-RE rilievi e collina","dato":"19"}},"T2":{"@attributes":{"descrizione":"MO-BO rilievi e collina","dato":"21"}},"T3":{"@attributes":{"descrizione":"RA rilievi","dato":"22"}},"T4":{"@attributes":{"descrizione":"FC-RN rilievi","dato":"20"}}},"precipitazioni":{"P13":{"@attributes":{"descrizione":"PC pianura ","dato":"0"}},"P12":{"@attributes":{"descrizione":"PR pianura","dato":"0"}},"P15":{"@attributes":{"descrizione":"RE pianura","dato":"0"}},"P11":{"@attributes":{"descrizione":"MO pianura","dato":"0"}},"P10":{"@attributes":{"descrizione":"BO pianura","dato":"0"}},"P9":{"@attributes":{"descrizione":"FE pianura","dato":"0"}},"P8":{"@attributes":{"descrizione":"FE costa","dato":"0"}},"P6":{"@attributes":{"descrizione":"FC-RA pianura","dato":"0"}},"P7":{"@attributes":{"descrizione":"RA costa","dato":"0"}},"P5":{"@attributes":{"descrizione":"RN-FC costa","dato":"0"}},"P1":{"@attributes":{"descrizione":"PC rilievi e collina","dato":"0"}},"P14":{"@attributes":{"descrizione":"PR-RE rilievi e collina","dato":"0"}},"P2":{"@attributes":{"descrizione":"MO-BO rilievi e collina","dato":"0"}},"P3":{"@attributes":{"descrizione":"RA rilievi","dato":"0"}},"P4":{"@attributes":{"descrizione":"FC-RN rilievi","dato":"0"}}},"vento_massimo":{"V13":{"@attributes":{"descrizione":"PC pianura ","dato":"19"}},"V12":{"@attributes":{"descrizione":"PR pianura","dato":"21"}},"V15":{"@attributes":{"descrizione":"RE pianura","dato":"18"}},"V11":{"@attributes":{"descrizione":"MO pianura","dato":"17"}},"V10":{"@attributes":{"descrizione":"BO pianura","dato":"24"}},"V9":{"@attributes":{"descrizione":"FE pianura","dato":"21"}},"V8":{"@attributes":{"descrizione":"FE costa","dato":"25"}},"V6":{"@attributes":{"descrizione":"FC-RA pianura","dato":"24"}},"V7":{"@attributes":{"descrizione":"RA costa","dato":"28"}},"V5":{"@attributes":{"descrizione":"RN-FC costa","dato":"30"}},"V1":{"@attributes":{"descrizione":"PC rilievi e collina","dato":"32"}},"V14":{"@attributes":{"descrizione":"PR-RE rilievi e collina","dato":"33"}},"V2":{"@attributes":{"descrizione":"MO-BO rilievi e collina","dato":"31"}},"V3":{"@attributes":{"descrizione":"RA rilievi","dato":"34"}},"V4":{"@attributes":{"descrizione":"FC-RN rilievi","dato":"22"}}}},"provinciale":{"PC":{"@attributes":{"descrizione":"provincia di Piacenza"},"mattina":{"P":{"@attributes":{"descrizione":"pianura e capoluogo","icona":"a002","icona2":"a002","it":"cielo velato per nubi alte","en":"partly cloudy with high clouds"}},"C":{"@attributes":{"descrizione":"collina","icona":"a002","icona2":"a002","it":"cielo velato per nubi alte","en":"partly cloudy with high clouds"}},"R":{"@attributes":{"descrizione":"rilievi","icona":"a002","icona2":"a002","it":"cielo velato per nubi alte","en":"partly cloudy with high clouds"}}},"pomeriggio":{"P":{"@attributes":{"descrizione":"pianura e capoluogo","icona":"a002","icona2":"a002","it":"cielo velato per nubi alte","en":"partly cloudy with high clouds"}},"C":{"@attributes":{"descrizione":"collina","icona":"a002","icona2":"a002","it":"cielo velato per nubi alte","en":"partly cloudy with high clouds"}},"R":{"@attributes":{"descrizione":"rilievi","icona":"a002","icona2":"a002","it":"cielo velato per nubi alte","en":"partly cloudy with high clouds"}}},"sera_notte":{"P":{"@attributes":{"descrizione":"pianura e capoluogo","icona":"b002","icona2":"b002","it":"cielo velato per nubi alte","en":"partly cloudy for cirrus"}},"C":{"@attributes":{"descrizione":"collina","icona":"b002","icona2":"b002","it":"cielo velato per nubi alte","en":"partly cloudy for cirrus"}},"R":{"@attributes":{"descrizione":"rilievi","icona":"b002","icona2":"b002","it":"cielo velato per nubi alte","en":"partly cloudy for cirrus"}}},"testo_previsione":"<p>Cielo velato per nubi alte tutta la <b>giornata<\/b>.<\/p><p>Temperature minime del mattino intorno ai 10&deg;<br \/>Temperature massime pomeridiane comprese tra 18&deg; sui rilievi e 26&deg; in pianura.<\/p><p>Velocit&agrave; massima del vento compresa tra 19 (in pianura) e 32 km\/h (sui rilievi).<\/p>"},"PR":{"@attributes":{"descrizione":"provincia di Parma"},"mattina":{"P":{"@attributes":{"descrizione":"pianura e capoluogo","icona":"a002","icona2":"a002","it":"cielo velato per nubi alte","en":"partly cloudy with high clouds"}},"C":{"@attributes":{"descrizione":"collina","icona":"a002","icona2":"a002","it":"cielo velato per nubi alte","en":"partly cloudy with high clouds"}},"R":{"@attributes":{"descrizione":"rilievi","icona":"a002","icona2":"a002","it":"cielo velato per nubi alte","en":"partly cloudy with high clouds"}}},"pomeriggio":{"P":{"@attributes":{"descrizione":"pianura e capoluogo","icona":"a002","icona2":"a002","it":"cielo velato per nubi alte","en":"partly cloudy with high clouds"}},"C":{"@attributes":{"descrizione":"collina","icona":"a002","icona2":"a002","it":"cielo velato per nubi alte","en":"partly cloudy with high clouds"}},"R":{"@attributes":{"descrizione":"rilievi","icona":"a002","icona2":"a002","it":"cielo velato per nubi alte","en":"partly cloudy with high clouds"}}},"sera_notte":{"P":{"@attributes":{"descrizione":"pianura e capoluogo","icona":"b002","icona2":"b002","it":"cielo velato per nubi alte","en":"partly cloudy for cirrus"}},"C":{"@attributes":{"descrizione":"collina","icona":"b002","icona2":"b002","it":"cielo velato per nubi alte","en":"partly cloudy for cirrus"}},"R":{"@attributes":{"descrizione":"rilievi","icona":"b002","icona2":"b002","it":"cielo velato per nubi alte","en":"partly cloudy for cirrus"}}},"testo_previsione":"<p>Cielo velato per nubi alte tutta la <b>giornata<\/b>.<\/p><p>Temperature minime del mattino intorno ai 9&deg;<br \/>Temperature massime pomeridiane comprese tra 19&deg; sui rilievi e 25&deg; in pianura.<\/p><p>Velocit&agrave; massima del vento compresa tra 21 (in pianura) e 33 km\/h (sui rilievi).<\/p>"},"RE":{"@attributes":{"descrizione":"provincia di Reggio-Emilia"},"mattina":{"P":{"@attributes":{"descrizione":"pianura e capoluogo","icona":"a002","icona2":"a002","it":"cielo velato per nubi alte","en":"partly cloudy with high clouds"}},"C":{"@attributes":{"descrizione":"collina","icona":"a002","icona2":"a002","it":"cielo velato per nubi alte","en":"partly cloudy with high clouds"}},"R":{"@attributes":{"descrizione":"rilievi","icona":"a002","icona2":"a002","it":"cielo velato per nubi alte","en":"partly cloudy with high clouds"}}},"pomeriggio":{"P":{"@attributes":{"descrizione":"pianura e capoluogo","icona":"a002","icona2":"a002","it":"cielo velato per nubi alte","en":"partly cloudy with high clouds"}},"C":{"@attributes":{"descrizione":"collina","icona":"a002","icona2":"a002","it":"cielo velato per nubi alte","en":"partly cloudy with high clouds"}},"R":{"@attributes":{"descrizione":"rilievi","icona":"a002","icona2":"a002","it":"cielo velato per nubi alte","en":"partly cloudy with high clouds"}}},"sera_notte":{"P":{"@attributes":{"descrizione":"pianura e capoluogo","icona":"b002","icona2":"b002","it":"cielo velato per nubi alte","en":"partly cloudy for cirrus"}},"C":{"@attributes":{"descrizione":"collina","icona":"b002","icona2":"b002","it":"cielo velato per nubi alte","en":"partly cloudy for cirrus"}},"R":{"@attributes":{"descrizione":"rilievi","icona":"b002","icona2":"b002","it":"cielo velato per nubi alte","en":"partly cloudy for cirrus"}}},"testo_previsione":"<p>Cielo velato per nubi alte tutta la <b>giornata<\/b>.<\/p><p>Temperature minime del mattino intorno ai 8&deg;<br \/>Temperature massime pomeridiane comprese tra 19&deg; sui rilievi e 25&deg; in pianura.<\/p><p>Velocit&agrave; massima del vento compresa tra 18 (in pianura) e 33 km\/h (sui rilievi).<\/p>"},"MO":{"@attributes":{"descrizione":"provincia di Modena"},"mattina":{"P":{"@attributes":{"descrizione":"pianura e capoluogo","icona":"a002","icona2":"a002","it":"cielo velato per nubi alte","en":"partly cloudy with high clouds"}},"C":{"@attributes":{"descrizione":"collina","icona":"a002","icona2":"a002","it":"cielo velato per nubi alte","en":"partly cloudy with high clouds"}},"R":{"@attributes":{"descrizione":"rilievi","icona":"a002","icona2":"a002","it":"cielo velato per nubi alte","en":"partly cloudy with high clouds"}}},"pomeriggio":{"P":{"@attributes":{"descrizione":"pianura e capoluogo","icona":"a002","icona2":"a002","it":"cielo velato per nubi alte","en":"partly cloudy with high clouds"}},"C":{"@attributes":{"descrizione":"collina","icona":"a002","icona2":"a002","it":"cielo velato per nubi alte","en":"partly cloudy with high clouds"}},"R":{"@attributes":{"descrizione":"rilievi","icona":"a002","icona2":"a002","it":"cielo velato per nubi alte","en":"partly cloudy with high clouds"}}},"sera_notte":{"P":{"@attributes":{"descrizione":"pianura e capoluogo","icona":"b002","icona2":"b002","it":"cielo velato per nubi alte","en":"partly cloudy for cirrus"}},"C":{"@attributes":{"descrizione":"collina","icona":"b002","icona2":"b002","it":"cielo velato per nubi alte","en":"partly cloudy for cirrus"}},"R":{"@attributes":{"descrizione":"rilievi","icona":"b002","icona2":"b002","it":"cielo velato per nubi alte","en":"partly cloudy for cirrus"}}},"testo_previsione":"<p>Cielo velato per nubi alte tutta la <b>giornata<\/b>.<\/p><p>Temperature minime del mattino intorno ai 8&deg;<br \/>Temperature massime pomeridiane comprese tra 21&deg; sui rilievi e 25&deg; in pianura.<\/p><p>Velocit&agrave; massima del vento compresa tra 17 (in pianura) e 31 km\/h (sui rilievi).<\/p>"},"BO":{"@attributes":{"descrizione":"provincia di Bologna"},"mattina":{"P":{"@attributes":{"descrizione":"pianura e capoluogo","icona":"a002","icona2":"a002","it":"cielo velato per nubi alte","en":"partly cloudy with high clouds"}},"C":{"@attributes":{"descrizione":"collina","icona":"a002","icona2":"a002","it":"cielo velato per nubi alte","en":"partly cloudy with high clouds"}},"R":{"@attributes":{"descrizione":"rilievi","icona":"a002","icona2":"a002","it":"cielo velato per nubi alte","en":"partly cloudy with high clouds"}}},"pomeriggio":{"P":{"@attributes":{"descrizione":"pianura e capoluogo","icona":"a002","icona2":"a002","it":"cielo velato per nubi alte","en":"partly cloudy with high clouds"}},"C":{"@attributes":{"descrizione":"collina","icona":"a002","icona2":"a002","it":"cielo velato per nubi alte","en":"partly cloudy with high clouds"}},"R":{"@attributes":{"descrizione":"rilievi","icona":"a002","icona2":"a002","it":"cielo velato per nubi alte","en":"partly cloudy with high clouds"}}},"sera_notte":{"P":{"@attributes":{"descrizione":"pianura e capoluogo","icona":"b002","icona2":"b002","it":"cielo velato per nubi alte","en":"partly cloudy for cirrus"}},"C":{"@attributes":{"descrizione":"collina","icona":"b002","icona2":"b002","it":"cielo velato per nubi alte","en":"partly cloudy for cirrus"}},"R":{"@attributes":{"descrizione":"rilievi","icona":"b002","icona2":"b002","it":"cielo velato per nubi alte","en":"partly cloudy for cirrus"}}},"testo_previsione":"<p>Cielo velato per nubi alte tutta la <b>giornata<\/b>.<\/p><p>Temperature minime del mattino intorno ai 9&deg;<br \/>Temperature massime pomeridiane comprese tra 21&deg; sui rilievi e 25&deg; in pianura.<\/p><p>Velocit&agrave; massima del vento compresa tra 24 (in pianura) e 31 km\/h (sui rilievi).<\/p>"},"FE":{"@attributes":{"descrizione":"provincia di Ferrara"},"mattina":{"P":{"@attributes":{"descrizione":"pianura est","icona":"a001","icona2":"a001","it":"sereno","en":"sunny"}},"C":{"@attributes":{"descrizione":"pianura ovest e capoluogo","icona":"a002","icona2":"a002","it":"cielo velato per nubi alte","en":"partly cloudy with high clouds"}},"M":{"@attributes":{"descrizione":"mare","icona":"d002","icona2":"d002","it":"mare poco mosso","en":"smooth sea"}}},"pomeriggio":{"P":{"@attributes":{"descrizione":"pianura est","icona":"a002","icona2":"a002","it":"cielo velato per nubi alte","en":"partly cloudy with high clouds"}},"C":{"@attributes":{"descrizione":"pianura ovest e capoluogo","icona":"a002","icona2":"a002","it":"cielo velato per nubi alte","en":"partly cloudy with high clouds"}},"M":{"@attributes":{"descrizione":"mare","icona":"d002","icona2":"d002","it":"mare poco mosso","en":"smooth sea"}}},"sera_notte":{"P":{"@attributes":{"descrizione":"pianura est","icona":"b002","icona2":"b002","it":"cielo velato per nubi alte","en":"partly cloudy for cirrus"}},"C":{"@attributes":{"descrizione":"pianura ovest e capoluogo","icona":"b002","icona2":"b002","it":"cielo velato per nubi alte","en":"partly cloudy for cirrus"}},"M":{"@attributes":{"descrizione":"mare","icona":"d002","icona2":"d002","it":"mare poco mosso","en":"smooth sea"}}},"testo_previsione":"<p><i>sulla costa<\/i> cielo velato per nubi alte, <i>in pianura<\/i> sereno; dal <b>pomeriggio<\/b> cielo velato per nubi alte.<\/p><p>Temperature minime del mattino intorno ai 12&deg;<br \/>Temperature massime pomeridiane comprese tra 22&deg; sulla costa e 24&deg; nell&apos;interno.<\/p><p>Velocit&agrave; massima del vento compresa tra 21 (nell&apos;interno) e 22 km\/h (sulla costa).<\/p><p>Mare poco mosso.<\/p>"},"RA":{"@attributes":{"descrizione":"provincia di Ravenna"},"mattina":{"P":{"@attributes":{"descrizione":"costa","icona":"a001","icona2":"a001","it":"sereno","en":"sunny"}},"C":{"@attributes":{"descrizione":"pianura e capoluogo","icona":"a001","icona2":"a001","it":"sereno","en":"sunny"}},"R":{"@attributes":{"descrizione":"rilievi e collina","icona":"a001","icona2":"a001","it":"sereno","en":"sunny"}},"M":{"@attributes":{"descrizione":"mare","icona":"d002","icona2":"d002","it":"mare poco mosso","en":"smooth sea"}}},"pomeriggio":{"P":{"@attributes":{"descrizione":"costa","icona":"a002","icona2":"a002","it":"cielo velato per nubi alte","en":"partly cloudy with high clouds"}},"C":{"@attributes":{"descrizione":"pianura e capoluogo","icona":"a002","icona2":"a002","it":"cielo velato per nubi alte","en":"partly cloudy with high clouds"}},"R":{"@attributes":{"descrizione":"rilievi e collina","icona":"a002","icona2":"a002","it":"cielo velato per nubi alte","en":"partly cloudy with high clouds"}},"M":{"@attributes":{"descrizione":"mare","icona":"d002","icona2":"d002","it":"mare poco mosso","en":"smooth sea"}}},"sera_notte":{"P":{"@attributes":{"descrizione":"costa","icona":"b002","icona2":"b002","it":"cielo velato per nubi alte","en":"partly cloudy for cirrus"}},"C":{"@attributes":{"descrizione":"pianura e capoluogo","icona":"b002","icona2":"b002","it":"cielo velato per nubi alte","en":"partly cloudy for cirrus"}},"R":{"@attributes":{"descrizione":"rilievi e collina","icona":"b002","icona2":"b002","it":"cielo velato per nubi alte","en":"partly cloudy for cirrus"}},"M":{"@attributes":{"descrizione":"mare","icona":"d002","icona2":"d002","it":"mare poco mosso","en":"smooth sea"}}},"testo_previsione":"<p>Sereno; dal <b>pomeriggio<\/b> cielo velato per nubi alte.<\/p><p>Temperature minime del mattino intorno ai 9&deg;<br \/>Temperature massime pomeridiane comprese tra 22&deg; sui rilievi e 23&deg; sulla costa.<\/p><p>Velocit&agrave; massima del vento compresa tra 28 (sulla costa) e 34 km\/h (sui rilievi).<\/p><p>Mare poco mosso.<\/p>"},"FC":{"@attributes":{"descrizione":"provincia di Forl\u00c3\u00ac-Cesena"},"mattina":{"P":{"@attributes":{"descrizione":"costa","icona":"a001","icona2":"a001","it":"sereno","en":"sunny"}},"C":{"@attributes":{"descrizione":"pianura e capolugo","icona":"a001","icona2":"a001","it":"sereno","en":"sunny"}},"R":{"@attributes":{"descrizione":"rilievi","icona":"a001","icona2":"a001","it":"sereno","en":"sunny"}},"M":{"@attributes":{"descrizione":"mare","icona":"d002","icona2":"d002","it":"mare poco mosso","en":"smooth sea"}}},"pomeriggio":{"P":{"@attributes":{"descrizione":"costa","icona":"a002","icona2":"a002","it":"cielo velato per nubi alte","en":"partly cloudy with high clouds"}},"C":{"@attributes":{"descrizione":"pianura e capolugo","icona":"a002","icona2":"a002","it":"cielo velato per nubi alte","en":"partly cloudy with high clouds"}},"R":{"@attributes":{"descrizione":"rilievi","icona":"a002","icona2":"a002","it":"cielo velato per nubi alte","en":"partly cloudy with high clouds"}},"M":{"@attributes":{"descrizione":"mare","icona":"d002","icona2":"d002","it":"mare poco mosso","en":"smooth sea"}}},"sera_notte":{"P":{"@attributes":{"descrizione":"costa","icona":"b002","icona2":"b002","it":"cielo velato per nubi alte","en":"partly cloudy for cirrus"}},"C":{"@attributes":{"descrizione":"pianura e capolugo","icona":"b002","icona2":"b002","it":"cielo velato per nubi alte","en":"partly cloudy for cirrus"}},"R":{"@attributes":{"descrizione":"rilievi","icona":"b002","icona2":"b002","it":"cielo velato per nubi alte","en":"partly cloudy for cirrus"}},"M":{"@attributes":{"descrizione":"mare","icona":"d002","icona2":"d002","it":"mare poco mosso","en":"smooth sea"}}},"testo_previsione":"<p>Sereno; dal <b>pomeriggio<\/b> cielo velato per nubi alte.<\/p><p>Temperature minime del mattino intorno ai 6&deg;<br \/>Temperature massime pomeridiane comprese tra 20&deg; sui rilievi e 24&deg; in pianura.<\/p><p>Velocit&agrave; massima del vento compresa tra 22 (sui rilievi) e 24 km\/h (in pianura).<\/p><p>Mare poco mosso.<\/p>"},"RN":{"@attributes":{"descrizione":"provincia di Rimini"},"mattina":{"P":{"@attributes":{"descrizione":"costa","icona":"a001","icona2":"a001","it":"sereno","en":"sunny"}},"C":{"@attributes":{"descrizione":"collina","icona":"a001","icona2":"a001","it":"sereno","en":"sunny"}},"R":{"@attributes":{"descrizione":"rilievi","icona":"a001","icona2":"a001","it":"sereno","en":"sunny"}},"M":{"@attributes":{"descrizione":"mare","icona":"d002","icona2":"d002","it":"mare poco mosso","en":"smooth sea"}}},"pomeriggio":{"P":{"@attributes":{"descrizione":"costa","icona":"a002","icona2":"a002","it":"cielo velato per nubi alte","en":"partly cloudy with high clouds"}},"C":{"@attributes":{"descrizione":"collina","icona":"a002","icona2":"a002","it":"cielo velato per nubi alte","en":"partly cloudy with high clouds"}},"R":{"@attributes":{"descrizione":"rilievi","icona":"a002","icona2":"a002","it":"cielo velato per nubi alte","en":"partly cloudy with high clouds"}},"M":{"@attributes":{"descrizione":"mare","icona":"d002","icona2":"d002","it":"mare poco mosso","en":"smooth sea"}}},"sera_notte":{"P":{"@attributes":{"descrizione":"costa","icona":"b002","icona2":"b002","it":"cielo velato per nubi alte","en":"partly cloudy for cirrus"}},"C":{"@attributes":{"descrizione":"collina","icona":"b002","icona2":"b002","it":"cielo velato per nubi alte","en":"partly cloudy for cirrus"}},"R":{"@attributes":{"descrizione":"rilievi","icona":"b002","icona2":"b002","it":"cielo velato per nubi alte","en":"partly cloudy for cirrus"}},"M":{"@attributes":{"descrizione":"mare","icona":"d002","icona2":"d002","it":"mare poco mosso","en":"smooth sea"}}},"testo_previsione":"<p>Sereno; dal <b>pomeriggio<\/b> cielo velato per nubi alte.<\/p><p>Temperature minime del mattino intorno ai 10&deg;<br \/>Temperature massime pomeridiane comprese tra 20&deg; sui rilievi e 23&deg; sulla costa.<\/p><p>Velocit&agrave; massima del vento compresa tra 22 (sui rilievi) e 23 km\/h (sulla costa).<\/p>"}}},"data":"sabato"},"tendenza":{"xml":{"@attributes":{"tipo":"tendenza","timestamp":"1777534184","emissione":"gioved\u00ec 30 aprile 2026","validita":"da domenica  3  a mercoled\u00ec  6 maggio 2026"},"testo":"Condizioni di tempo stabile per tutta la giornata di domenica; da luned\u00ec l'indebolimento del campo barico  far\u00e0 spazio a correnti sud-occidentali che apporteranno un graduale aumento della copertura nuvolosa associato a precipitazioni medio-moderate per tutta la prima parte della prossima settimana. Le temperature si manterranno su massime di 19\/21 gradi e valori minimi intorno ai 15 gradi.","giorno1":{"@attributes":{"tm":"a002","tt":"stazionaria","tm_it":"cielo velato per nubi alte","tm_en":"partly cloudy with high clouds","tt_it":"temperatura stazionaria","tt_en":"temperature stationary"}},"giorno2":{"@attributes":{"tm":"a014","tt":"diminuzione","tm_it":"molto nuvoloso con piogge deboli ","tm_en":"mostly cloudy with light rain","tt_it":"temperatura in diminuzione","tt_en":"temperature drop"}},"giorno3":{"@attributes":{"tm":"a014","tt":"stazionaria","tm_it":"molto nuvoloso con piogge deboli ","tm_en":"mostly cloudy with light rain","tt_it":"temperatura stazionaria","tt_en":"temperature stationary"}},"giorno4":{"@attributes":{"tm":"a014","tt":"stazionaria","tm_it":"molto nuvoloso con piogge deboli ","tm_en":"mostly cloudy with light rain","tt_it":"temperatura stazionaria","tt_en":"temperature stationary"}}},"data":"da dom a mer"}}